{"id":1659,"date":"2026-03-13T09:50:00","date_gmt":"2026-03-13T09:50:00","guid":{"rendered":"https:\/\/construtorabier.com.br\/site\/?p=1659"},"modified":"2026-03-06T03:05:26","modified_gmt":"2026-03-06T03:05:26","slug":"planta-de-apartamento-funcional-valorizacao","status":"publish","type":"post","link":"https:\/\/construtorabier.com.br\/site\/blog\/planta-de-apartamento-funcional-valorizacao\/","title":{"rendered":"Planta de apartamento funcional: como o layout impacta na rotina e valoriza\u00e7\u00e3o"},"content":{"rendered":"\n<p>Sem d\u00favida, a planta de apartamento \u00e9 um dos fatores mais determinantes na experi\u00eancia de moradia e no potencial de valoriza\u00e7\u00e3o de um im\u00f3vel. Muito al\u00e9m da metragem anunciada, \u00e9 o desenho interno que define como os ambientes se conectam, como a circula\u00e7\u00e3o acontece e como o espa\u00e7o \u00e9, de fato, aproveitado no dia a dia.<\/p>\n\n\n\n<p><strong>Tempo de leitura:<\/strong> 6 minutos<\/p>\n\n\n\n<p>Ao analisar um im\u00f3vel, portanto, n\u00e3o basta observar quantos metros quadrados ele possui. \u00c9 essencial entender como o layout influencia o conforto residencial, o uso inteligente do espa\u00e7o e at\u00e9 mesmo sua liquidez futura. Neste conte\u00fado, explicamos como uma planta funcional impacta a rotina e por que ela tamb\u00e9m representa um investimento seguro no m\u00e9dio e longo prazo. Confira:<\/p>\n\n\n\n<ul class=\"wp-block-list\">\n<li>Quando o layout trabalha a favor da rotina<\/li>\n\n\n\n<li>Metragem maior n\u00e3o significa melhor aproveitamento<\/li>\n\n\n\n<li>Integra\u00e7\u00e3o inteligente e versatilidade de ambientes<\/li>\n\n\n\n<li>Planta funcional como fator estrat\u00e9gico de valoriza\u00e7\u00e3o<\/li>\n\n\n\n<li>Bossa 1616: funcionalidade aplicada \u00e0 vida real<\/li>\n<\/ul>\n\n\n\n<div style=\"height:30px\" aria-hidden=\"true\" class=\"wp-block-spacer\"><\/div>\n\n\n\n<figure class=\"wp-block-image size-full is-resized\"><a href=\"https:\/\/materiais.construtorabier.com.br\/bossa-1616\" target=\"_blank\" rel=\" noreferrer noopener\"><img fetchpriority=\"high\" decoding=\"async\" width=\"1007\" height=\"468\" src=\"https:\/\/construtorabier.com.br\/site\/wp-content\/uploads\/2025\/09\/bossa.png\" alt=\"Bossa 1616\" class=\"wp-image-1617\" style=\"aspect-ratio:2.1517771373679153;width:752px;height:auto\" srcset=\"https:\/\/construtorabier.com.br\/site\/wp-content\/uploads\/2025\/09\/bossa.png 1007w, https:\/\/construtorabier.com.br\/site\/wp-content\/uploads\/2025\/09\/bossa-300x139.png 300w, https:\/\/construtorabier.com.br\/site\/wp-content\/uploads\/2025\/09\/bossa-768x357.png 768w\" sizes=\"(max-width: 1007px) 100vw, 1007px\" \/><\/a><\/figure>\n\n\n\n<div style=\"height:30px\" aria-hidden=\"true\" class=\"wp-block-spacer\"><\/div>\n\n\n\n<h2 class=\"wp-block-heading\">Quando o layout trabalha a favor da rotina<\/h2>\n\n\n\n<p>Para resumir, podemos dizer que uma planta funcional \u00e9 aquela que organiza os ambientes de forma l\u00f3gica, priorizando circula\u00e7\u00e3o fluida, integra\u00e7\u00e3o coerente e elimina\u00e7\u00e3o de \u00e1reas improdutivas. Em termos pr\u00e1ticos, isso significa menos corredores desnecess\u00e1rios, melhor posicionamento de portas e janelas e distribui\u00e7\u00e3o equilibrada entre espa\u00e7os sociais e \u00edntimos.<\/p>\n\n\n\n<p>Al\u00e9m disso, o uso inteligente do espa\u00e7o garante que cada metro quadrado tenha prop\u00f3sito! Cozinhas integradas, salas conectadas \u00e0 varanda e dormit\u00f3rios bem posicionados s\u00e3o exemplos de solu\u00e7\u00f5es que ampliam a sensa\u00e7\u00e3o de amplitude, mesmo em metragens moderadas. Assim, a funcionalidade n\u00e3o depende apenas do tamanho, mas da estrat\u00e9gia de projeto.<\/p>\n\n\n\n<p>Outro ponto relevante \u00e9 a adapta\u00e7\u00e3o \u00e0 vida contempor\u00e2nea. O <a href=\"https:\/\/blog.accordiluminacao.com\/design-contemporaneo-ou-moderno-diferencas\/\" target=\"_blank\" rel=\"noreferrer noopener\">design moderno<\/a> considera rotinas mais din\u00e2micas, trabalho remoto, momentos de conviv\u00eancia e maior necessidade de privacidade. Uma planta funcional, nesse contexto, permite que o im\u00f3vel acompanhe as mudan\u00e7as no estilo de vida sem exigir reformas estruturais. Perfeito, n\u00e3o \u00e9?!<\/p>\n\n\n\n<div style=\"height:30px\" aria-hidden=\"true\" class=\"wp-block-spacer\"><\/div>\n\n\n\n<p><strong>Leia tamb\u00e9m:<\/strong> <a href=\"https:\/\/construtorabier.com.br\/site\/blog\/imoveis-em-toledo-pr-mercado-imobiliario-da-cidade\/\" target=\"_blank\" rel=\"noreferrer noopener\">Im\u00f3veis em Toledo PR: conhe\u00e7a o mercado imobili\u00e1rio da cidade que mais cresce no Oeste<\/a><\/p>\n\n\n\n<div style=\"height:30px\" aria-hidden=\"true\" class=\"wp-block-spacer\"><\/div>\n\n\n\n<h2 class=\"wp-block-heading\">Metragem maior n\u00e3o significa melhor aproveitamento<\/h2>\n\n\n\n<p>\u00c9 comum associar qualidade de moradia apenas \u00e0 metragem. No entanto, dois apartamentos com \u00e1reas semelhantes podem oferecer experi\u00eancias completamente diferentes, dependendo do layout.<\/p>\n\n\n\n<p>Veja a compara\u00e7\u00e3o abaixo:<\/p>\n\n\n\n<figure class=\"wp-block-table\"><table class=\"has-fixed-layout\"><tbody><tr><td><strong>Crit\u00e9rio<\/strong><\/td><td><strong>Planta pouco eficiente<\/strong><\/td><td><strong>Planta funcional<\/strong><\/td><\/tr><tr><td>Circula\u00e7\u00e3o<\/td><td>Corredores longos e estreitos<\/td><td>Integra\u00e7\u00e3o entre ambientes<\/td><\/tr><tr><td>Ilumina\u00e7\u00e3o<\/td><td>Ambientes internos pouco iluminados<\/td><td>Melhor aproveitamento da <a href=\"https:\/\/casacor.abril.com.br\/pt-BR\/noticias\/bem-estar\/5-beneficios-da-luz-natural-para-a-saude-e-para-o-humor\" target=\"_blank\" rel=\"noreferrer noopener\">luz natural<\/a><\/td><\/tr><tr><td>Flexibilidade<\/td><td>Espa\u00e7os engessados<\/td><td>Ambientes adapt\u00e1veis<\/td><\/tr><tr><td>Sensa\u00e7\u00e3o de amplitude<\/td><td>Compartimenta\u00e7\u00e3o excessiva<\/td><td>Integra\u00e7\u00e3o e fluidez<\/td><\/tr><\/tbody><\/table><\/figure>\n\n\n\n<p>\u00c9 por isso que o aproveitamento real se torna mais relevante do que o n\u00famero absoluto de metros quadrados. Um projeto bem resolvido reduz desperd\u00edcios e melhora a experi\u00eancia di\u00e1ria, o que impacta diretamente a percep\u00e7\u00e3o de valor do im\u00f3vel.<\/p>\n\n\n\n<p>Al\u00e9m disso, layouts eficientes tendem a gerar menor custo de adapta\u00e7\u00e3o ao longo do tempo. Como resultado, o propriet\u00e1rio evita interven\u00e7\u00f5es estruturais futuras, preservando o padr\u00e3o construtivo original e mantendo a coer\u00eancia est\u00e9tica do projeto.<\/p>\n\n\n\n<div style=\"height:30px\" aria-hidden=\"true\" class=\"wp-block-spacer\"><\/div>\n\n\n\n<p><strong>Confira: <\/strong><a href=\"https:\/\/construtorabier.com.br\/site\/blog\/apartamento-de-2-quartos-o-formato-mais-procurado\/\" target=\"_blank\" rel=\"noreferrer noopener\"><strong>Apartamento de 2 quartos: o formato mais procurado<\/strong><\/a><\/p>\n\n\n\n<div style=\"height:30px\" aria-hidden=\"true\" class=\"wp-block-spacer\"><\/div>\n\n\n\n<h2 class=\"wp-block-heading\">Integra\u00e7\u00e3o inteligente e versatilidade de ambientes<\/h2>\n\n\n\n<p>Nos \u00faltimos anos, a integra\u00e7\u00e3o entre cozinha e sala (em alguns casos tamb\u00e9m da varanda) tornou-se uma caracter\u00edstica marcante do design moderno. No entanto, a integra\u00e7\u00e3o s\u00f3 \u00e9 eficaz quando h\u00e1 coer\u00eancia na disposi\u00e7\u00e3o dos espa\u00e7os.<\/p>\n\n\n\n<p>Ambientes integrados bem-planejados oferecem:<\/p>\n\n\n\n<ul class=\"wp-block-list\">\n<li>maior conviv\u00eancia familiar;<\/li>\n\n\n\n<li>melhor circula\u00e7\u00e3o;<\/li>\n\n\n\n<li>sensa\u00e7\u00e3o ampliada de espa\u00e7o;<\/li>\n\n\n\n<li>maior incid\u00eancia de luz natural.<\/li>\n<\/ul>\n\n\n\n<div style=\"height:30px\" aria-hidden=\"true\" class=\"wp-block-spacer\"><\/div>\n\n\n\n<p>Por outro lado, \u00e9 fundamental preservar \u00e1reas \u00edntimas bem delimitadas. Dormit\u00f3rios estrategicamente posicionados garantem privacidade, enquanto lavabos e su\u00edtes otimizam o conforto residencial.<\/p>\n\n\n\n<p>Tamb\u00e9m \u00e9 importante destacar que uma planta funcional permite flexibilidade de uso. Um segundo dormit\u00f3rio pode se transformar em escrit\u00f3rio, sala de estudos ou quarto de h\u00f3spedes. Essa adaptabilidade amplia o ciclo de vida do im\u00f3vel e o torna mais atrativo para diferentes perfis de comprador ou locat\u00e1rio.<\/p>\n\n\n\n<div style=\"height:30px\" aria-hidden=\"true\" class=\"wp-block-spacer\"><\/div>\n\n\n\n<pre class=\"wp-block-preformatted\"><strong>Funcionalidade n\u00e3o \u00e9 apenas uma quest\u00e3o est\u00e9tica; \u00e9 estrat\u00e9gica, pois amplia possibilidades e reduz limita\u00e7\u00f5es.<\/strong><\/pre>\n\n\n\n<div style=\"height:30px\" aria-hidden=\"true\" class=\"wp-block-spacer\"><\/div>\n\n\n\n<p><strong>Saiba mais:<\/strong> <a href=\"https:\/\/construtorabier.com.br\/site\/blog\/apartamento-com-1-quarto-em-toledo-ideal\/\" target=\"_blank\" rel=\"noreferrer noopener\">Apartamentos com 1 quarto em Toledo: conhe\u00e7a o Bossa 1616<\/a><\/p>\n\n\n\n<div style=\"height:30px\" aria-hidden=\"true\" class=\"wp-block-spacer\"><\/div>\n\n\n\n<h2 class=\"wp-block-heading\">Planta de apartamento como fator de valoriza\u00e7\u00e3o imobili\u00e1ria<\/h2>\n\n\n\n<p>A valoriza\u00e7\u00e3o imobili\u00e1ria est\u00e1 diretamente relacionada \u00e0 <a href=\"https:\/\/exame.com\/mercado-imobiliario\/o-que-e-a-liquidez-no-mercado-imobiliario-e-como-ela-afeta-os-investidores\/\" target=\"_blank\" rel=\"noreferrer noopener\">liquidez<\/a>. E im\u00f3veis com planta de apartamento bem resolvida tendem a ter maior facilidade de revenda ou loca\u00e7\u00e3o.<\/p>\n\n\n\n<p>Isso ocorre por tr\u00eas raz\u00f5es principais:<\/p>\n\n\n\n<ol class=\"wp-block-list\">\n<li>Atendem a um p\u00fablico mais amplo;<\/li>\n\n\n\n<li>Exigem menos reformas;<\/li>\n\n\n\n<li>Oferecem melhor experi\u00eancia de moradia.<\/li>\n<\/ol>\n\n\n\n<div style=\"height:30px\" aria-hidden=\"true\" class=\"wp-block-spacer\"><\/div>\n\n\n\n<p>Especialmente em cidades de porte m\u00e9dio em expans\u00e3o, como <a href=\"https:\/\/construtorabier.com.br\/site\/blog\/toledo-parana-os-melhores-lugares-para-conhecer\/\" target=\"_blank\" rel=\"noreferrer noopener\">Toledo<\/a>, compradores est\u00e3o mais atentos \u00e0 funcionalidade do que \u00e0 metragem isolada. Al\u00e9m disso, tipologias de dois dormit\u00f3rios com boa distribui\u00e7\u00e3o apresentam alta demanda, o que refor\u00e7a seu car\u00e1ter de investimento seguro.<\/p>\n\n\n\n<p>Outro aspecto relevante \u00e9 a percep\u00e7\u00e3o de qualidade construtiva. Ou seja, quando o layout \u00e9 coerente, o im\u00f3vel transmite planejamento e intelig\u00eancia de projeto. Consequentemente, o mercado reconhece esse diferencial.<\/p>\n\n\n\n<div style=\"height:30px\" aria-hidden=\"true\" class=\"wp-block-spacer\"><\/div>\n\n\n\n<p><strong>Veja:<\/strong> <a href=\"https:\/\/construtorabier.com.br\/site\/blog\/apartamento-tipo-duplex-ou-garden-como-escolher\/\" target=\"_blank\" rel=\"noreferrer noopener\">Apartamento tipo, duplex ou garden: como escolher?<\/a><\/p>\n\n\n\n<div style=\"height:30px\" aria-hidden=\"true\" class=\"wp-block-spacer\"><\/div>\n\n\n\n<h2 class=\"wp-block-heading\">Bossa 1616: funcionalidade aplicada \u00e0 vida real<\/h2>\n\n\n\n<p>No <a href=\"https:\/\/materiais.construtorabier.com.br\/bossa-1616\" target=\"_blank\" rel=\"noreferrer noopener\">Bossa 1616<\/a>, a planta funcional foi pensada para atender rotinas contempor\u00e2neas e demandas reais do mercado. O empreendimento apresenta tipologias estrat\u00e9gicas, especialmente os apartamentos de dois dormit\u00f3rios \u2014 incluindo op\u00e7\u00f5es com su\u00edte e integra\u00e7\u00e3o entre estar e \u00e1rea gourmet. <\/p>\n\n\n\n<p>Essa configura\u00e7\u00e3o favorece tanto a moradia quanto o investimento para loca\u00e7\u00e3o. A torre \u00fanica, com apenas tr\u00eas unidades por andar, contribui para maior privacidade e conforto residencial. Soma-se a isso a infraestrutura para <a href=\"https:\/\/construtorabier.com.br\/site\/blog\/smart-home-as-vantagens-de-adotar-a-tecnologia-residencial-2\/\" target=\"_blank\" rel=\"noreferrer noopener\">automa\u00e7\u00e3o<\/a>, <a href=\"https:\/\/construtorabier.com.br\/site\/blog\/a-importancia-das-areas-de-lazer-em-um-imovel\/\" target=\"_blank\" rel=\"noreferrer noopener\">\u00e1reas de lazer<\/a> impec\u00e1veis, <a href=\"https:\/\/construtorabier.com.br\/site\/blog\/fechadura-digital-motivos-para-ter-em-casa\/\" target=\"_blank\" rel=\"noreferrer noopener\">fechadura digital<\/a> e prepara\u00e7\u00e3o para climatiza\u00e7\u00e3o, elementos que refor\u00e7am o design moderno e agregam valor ao im\u00f3vel.<\/p>\n\n\n\n<div style=\"height:30px\" aria-hidden=\"true\" class=\"wp-block-spacer\"><\/div>\n\n\n\n<blockquote class=\"instagram-media\" data-instgrm-permalink=\"https:\/\/www.instagram.com\/reel\/DTajc2CjhrT\/?utm_source=ig_embed&amp;utm_campaign=loading\" data-instgrm-version=\"14\" style=\" background:#FFF; border:0; border-radius:3px; box-shadow:0 0 1px 0 rgba(0,0,0,0.5),0 1px 10px 0 rgba(0,0,0,0.15); margin: 1px; max-width:540px; min-width:326px; padding:0; width:99.375%; width:-webkit-calc(100% - 2px); width:calc(100% - 2px);\"><div style=\"padding:16px;\"> <a href=\"https:\/\/www.instagram.com\/reel\/DTajc2CjhrT\/?utm_source=ig_embed&amp;utm_campaign=loading\" style=\" background:#FFFFFF; line-height:0; padding:0 0; text-align:center; text-decoration:none; width:100%;\" target=\"_blank\"> <div style=\" display: flex; flex-direction: row; align-items: center;\"> <div style=\"background-color: #F4F4F4; border-radius: 50%; flex-grow: 0; height: 40px; margin-right: 14px; width: 40px;\"><\/div> <div style=\"display: flex; flex-direction: column; flex-grow: 1; justify-content: center;\"> <div style=\" background-color: #F4F4F4; border-radius: 4px; flex-grow: 0; height: 14px; margin-bottom: 6px; width: 100px;\"><\/div> <div style=\" background-color: #F4F4F4; border-radius: 4px; flex-grow: 0; height: 14px; width: 60px;\"><\/div><\/div><\/div><div style=\"padding: 19% 0;\"><\/div> <div style=\"display:block; height:50px; margin:0 auto 12px; width:50px;\"><svg width=\"50px\" height=\"50px\" viewBox=\"0 0 60 60\" version=\"1.1\" xmlns=\"https:\/\/www.w3.org\/2000\/svg\" xmlns:xlink=\"https:\/\/www.w3.org\/1999\/xlink\"><g stroke=\"none\" stroke-width=\"1\" fill=\"none\" fill-rule=\"evenodd\"><g transform=\"translate(-511.000000, -20.000000)\" fill=\"#000000\"><g><path d=\"M556.869,30.41 C554.814,30.41 553.148,32.076 553.148,34.131 C553.148,36.186 554.814,37.852 556.869,37.852 C558.924,37.852 560.59,36.186 560.59,34.131 C560.59,32.076 558.924,30.41 556.869,30.41 M541,60.657 C535.114,60.657 530.342,55.887 530.342,50 C530.342,44.114 535.114,39.342 541,39.342 C546.887,39.342 551.658,44.114 551.658,50 C551.658,55.887 546.887,60.657 541,60.657 M541,33.886 C532.1,33.886 524.886,41.1 524.886,50 C524.886,58.899 532.1,66.113 541,66.113 C549.9,66.113 557.115,58.899 557.115,50 C557.115,41.1 549.9,33.886 541,33.886 M565.378,62.101 C565.244,65.022 564.756,66.606 564.346,67.663 C563.803,69.06 563.154,70.057 562.106,71.106 C561.058,72.155 560.06,72.803 558.662,73.347 C557.607,73.757 556.021,74.244 553.102,74.378 C549.944,74.521 548.997,74.552 541,74.552 C533.003,74.552 532.056,74.521 528.898,74.378 C525.979,74.244 524.393,73.757 523.338,73.347 C521.94,72.803 520.942,72.155 519.894,71.106 C518.846,70.057 518.197,69.06 517.654,67.663 C517.244,66.606 516.755,65.022 516.623,62.101 C516.479,58.943 516.448,57.996 516.448,50 C516.448,42.003 516.479,41.056 516.623,37.899 C516.755,34.978 517.244,33.391 517.654,32.338 C518.197,30.938 518.846,29.942 519.894,28.894 C520.942,27.846 521.94,27.196 523.338,26.654 C524.393,26.244 525.979,25.756 528.898,25.623 C532.057,25.479 533.004,25.448 541,25.448 C548.997,25.448 549.943,25.479 553.102,25.623 C556.021,25.756 557.607,26.244 558.662,26.654 C560.06,27.196 561.058,27.846 562.106,28.894 C563.154,29.942 563.803,30.938 564.346,32.338 C564.756,33.391 565.244,34.978 565.378,37.899 C565.522,41.056 565.552,42.003 565.552,50 C565.552,57.996 565.522,58.943 565.378,62.101 M570.82,37.631 C570.674,34.438 570.167,32.258 569.425,30.349 C568.659,28.377 567.633,26.702 565.965,25.035 C564.297,23.368 562.623,22.342 560.652,21.575 C558.743,20.834 556.562,20.326 553.369,20.18 C550.169,20.033 549.148,20 541,20 C532.853,20 531.831,20.033 528.631,20.18 C525.438,20.326 523.257,20.834 521.349,21.575 C519.376,22.342 517.703,23.368 516.035,25.035 C514.368,26.702 513.342,28.377 512.574,30.349 C511.834,32.258 511.326,34.438 511.181,37.631 C511.035,40.831 511,41.851 511,50 C511,58.147 511.035,59.17 511.181,62.369 C511.326,65.562 511.834,67.743 512.574,69.651 C513.342,71.625 514.368,73.296 516.035,74.965 C517.703,76.634 519.376,77.658 521.349,78.425 C523.257,79.167 525.438,79.673 528.631,79.82 C531.831,79.965 532.853,80.001 541,80.001 C549.148,80.001 550.169,79.965 553.369,79.82 C556.562,79.673 558.743,79.167 560.652,78.425 C562.623,77.658 564.297,76.634 565.965,74.965 C567.633,73.296 568.659,71.625 569.425,69.651 C570.167,67.743 570.674,65.562 570.82,62.369 C570.966,59.17 571,58.147 571,50 C571,41.851 570.966,40.831 570.82,37.631\"><\/path><\/g><\/g><\/g><\/svg><\/div><div style=\"padding-top: 8px;\"> <div style=\" color:#3897f0; font-family:Arial,sans-serif; font-size:14px; font-style:normal; font-weight:550; line-height:18px;\">Ver essa foto no Instagram<\/div><\/div><div style=\"padding: 12.5% 0;\"><\/div> <div style=\"display: flex; flex-direction: row; margin-bottom: 14px; align-items: center;\"><div> <div style=\"background-color: #F4F4F4; border-radius: 50%; height: 12.5px; width: 12.5px; transform: translateX(0px) translateY(7px);\"><\/div> <div style=\"background-color: #F4F4F4; height: 12.5px; transform: rotate(-45deg) translateX(3px) translateY(1px); width: 12.5px; flex-grow: 0; margin-right: 14px; margin-left: 2px;\"><\/div> <div style=\"background-color: #F4F4F4; border-radius: 50%; height: 12.5px; width: 12.5px; transform: translateX(9px) translateY(-18px);\"><\/div><\/div><div style=\"margin-left: 8px;\"> <div style=\" background-color: #F4F4F4; border-radius: 50%; flex-grow: 0; height: 20px; width: 20px;\"><\/div> <div style=\" width: 0; height: 0; border-top: 2px solid transparent; border-left: 6px solid #f4f4f4; border-bottom: 2px solid transparent; transform: translateX(16px) translateY(-4px) rotate(30deg)\"><\/div><\/div><div style=\"margin-left: auto;\"> <div style=\" width: 0px; border-top: 8px solid #F4F4F4; border-right: 8px solid transparent; transform: translateY(16px);\"><\/div> <div style=\" background-color: #F4F4F4; flex-grow: 0; height: 12px; width: 16px; transform: translateY(-4px);\"><\/div> <div style=\" width: 0; height: 0; border-top: 8px solid #F4F4F4; border-left: 8px solid transparent; transform: translateY(-4px) translateX(8px);\"><\/div><\/div><\/div> <div style=\"display: flex; flex-direction: column; flex-grow: 1; justify-content: center; margin-bottom: 24px;\"> <div style=\" background-color: #F4F4F4; border-radius: 4px; flex-grow: 0; height: 14px; margin-bottom: 6px; width: 224px;\"><\/div> <div style=\" background-color: #F4F4F4; border-radius: 4px; flex-grow: 0; height: 14px; width: 144px;\"><\/div><\/div><\/a><p style=\" color:#c9c8cd; font-family:Arial,sans-serif; font-size:14px; line-height:17px; margin-bottom:0; margin-top:8px; overflow:hidden; padding:8px 0 7px; text-align:center; text-overflow:ellipsis; white-space:nowrap;\"><a href=\"https:\/\/www.instagram.com\/reel\/DTajc2CjhrT\/?utm_source=ig_embed&amp;utm_campaign=loading\" style=\" color:#c9c8cd; font-family:Arial,sans-serif; font-size:14px; font-style:normal; font-weight:normal; line-height:17px; text-decoration:none;\" target=\"_blank\">Um post compartilhado por Construtora Bier (@construtorabier)<\/a><\/p><\/div><\/blockquote>\n<script async src=\"\/\/www.instagram.com\/embed.js\"><\/script>\n\n\n\n<div style=\"height:30px\" aria-hidden=\"true\" class=\"wp-block-spacer\"><\/div>\n\n\n\n<p>Localizado na Rua General Daltro Filho, esquina com a J\u00falio de Castilho, em uma regi\u00e3o consolidada e pr\u00f3xima ao Lago Municipal, o Bossa 1616 combina layout eficiente e localiza\u00e7\u00e3o estrat\u00e9gica, fatores decisivos para valoriza\u00e7\u00e3o.<\/p>\n\n\n\n<div style=\"height:30px\" aria-hidden=\"true\" class=\"wp-block-spacer\"><\/div>\n\n\n\n<figure class=\"wp-block-image size-full is-resized\"><a href=\"https:\/\/materiais.construtorabier.com.br\/bossa-1616\" target=\"_blank\" rel=\" noreferrer noopener\"><img decoding=\"async\" width=\"1007\" height=\"468\" src=\"https:\/\/construtorabier.com.br\/site\/wp-content\/uploads\/2025\/09\/bossa.png\" alt=\"Bossa 1616\" class=\"wp-image-1617\" style=\"aspect-ratio:2.1517771373679153;width:747px;height:auto\" srcset=\"https:\/\/construtorabier.com.br\/site\/wp-content\/uploads\/2025\/09\/bossa.png 1007w, https:\/\/construtorabier.com.br\/site\/wp-content\/uploads\/2025\/09\/bossa-300x139.png 300w, https:\/\/construtorabier.com.br\/site\/wp-content\/uploads\/2025\/09\/bossa-768x357.png 768w\" sizes=\"(max-width: 1007px) 100vw, 1007px\" \/><\/a><\/figure>\n\n\n\n<div style=\"height:30px\" aria-hidden=\"true\" class=\"wp-block-spacer\"><\/div>\n\n\n\n<h4 class=\"wp-block-heading\">F.A.Q. \u2013 Perguntas frequentes sobre planta de apartamento funcional<\/h4>\n\n\n\n<figure class=\"wp-block-table\"><table class=\"has-fixed-layout\"><tbody><tr><td><strong>O que \u00e9 uma planta de apartamento funcional?<\/strong> \u00c9 um layout que organiza os ambientes de forma estrat\u00e9gica, eliminando desperd\u00edcios e priorizando a circula\u00e7\u00e3o eficiente.<\/td><\/tr><tr><td><strong>Metragem maior garante melhor im\u00f3vel? <\/strong>N\u00e3o necessariamente. O aproveitamento real do espa\u00e7o \u00e9 mais importante do que o n\u00famero total de metros quadrados.<\/td><\/tr><tr><td><strong>Planta funcional influencia na valoriza\u00e7\u00e3o? <\/strong>Sim. Im\u00f3veis bem distribu\u00eddos tendem a ter maior liquidez e melhor aceita\u00e7\u00e3o no mercado.<\/td><\/tr><tr><td><strong>Apartamentos de dois dormit\u00f3rios s\u00e3o bons para investir? <\/strong>Sim. Em cidades como Toledo, apresentam alta demanda para moradia e loca\u00e7\u00e3o.<\/td><\/tr><tr><td><strong>O que observar ao analisar uma planta? <\/strong>Posi\u00e7\u00e3o de portas e janelas, integra\u00e7\u00e3o entre ambientes, circula\u00e7\u00e3o e possibilidade de adapta\u00e7\u00e3o futura.<\/td><\/tr><\/tbody><\/table><\/figure>\n\n\n\n<p><strong>Por fim, confira tamb\u00e9m:<\/strong><\/p>\n\n\n\n<ul class=\"wp-block-list\">\n<li><a href=\"https:\/\/construtorabier.com.br\/site\/blog\/construcao-sustentavel-transforma-imoveis\/\" target=\"_blank\" rel=\"noreferrer noopener\"><strong>Constru\u00e7\u00e3o sustent\u00e1vel: como a inova\u00e7\u00e3o est\u00e1 transformando o futuro dos im\u00f3veis<\/strong><\/a><\/li>\n\n\n\n<li><a href=\"https:\/\/construtorabier.com.br\/site\/blog\/como-escolher-um-apartamento-em-toledo-pr\/\" target=\"_blank\" rel=\"noreferrer noopener\"><strong>Como escolher um apartamento em Toledo PR para viver ou investir<\/strong><\/a><\/li>\n\n\n\n<li><a href=\"https:\/\/construtorabier.com.br\/site\/blog\/cidade-de-toledo-descubra-uma-cidade-de-oportunidades\/\" target=\"_blank\" rel=\"noreferrer noopener\"><strong>Cidade de Toledo: descubra uma cidade de oportunidades<\/strong><\/a><\/li>\n\n\n\n<li><a href=\"https:\/\/www.instagram.com\/construtorabier\/\" target=\"_blank\" rel=\"noreferrer noopener\"><strong>Siga a Construtora Bier no Instagram<\/strong><\/a><\/li>\n<\/ul>\n","protected":false},"excerpt":{"rendered":"<p>O conte\u00fado explica como uma planta de apartamento funcional melhora a rotina, reduz desperd\u00edcios e amplia o potencial de valoriza\u00e7\u00e3o do im\u00f3vel. Tamb\u00e9m aborda diferen\u00e7as entre metragem e aproveitamento real, integra\u00e7\u00e3o de ambientes e como layouts estrat\u00e9gicos influenciam liquidez e investimento, com destaque para o Bossa 1616 em Toledo.<\/p>\n","protected":false},"author":1,"featured_media":1660,"comment_status":"open","ping_status":"open","sticky":false,"template":"","format":"standard","meta":{"footnotes":""},"categories":[11,129],"tags":[152,149,153,127,160],"class_list":["post-1659","post","type-post","status-publish","format-standard","has-post-thumbnail","hentry","category-blog","category-bossa-1616","tag-conforto-residencial","tag-design-moderno","tag-investimento-seguro","tag-planta-funcional","tag-uso-inteligente-do-espaco"],"yoast_head":"<!-- This site is optimized with the Yoast SEO plugin v27.4 - https:\/\/yoast.com\/product\/yoast-seo-wordpress\/ -->\n<title>Uma planta de apartamento funcional impacta na valoriza\u00e7\u00e3o?<\/title>\n<meta name=\"description\" content=\"Planta de apartamento funcional melhora rotina, reduz desperd\u00edcios e amplia valoriza\u00e7\u00e3o do im\u00f3vel. Descubra detalhes.\" \/>\n<meta name=\"robots\" content=\"index, follow, max-snippet:-1, max-image-preview:large, max-video-preview:-1\" \/>\n<link rel=\"canonical\" href=\"https:\/\/construtorabier.com.br\/site\/blog\/planta-de-apartamento-funcional-valorizacao\/\" \/>\n<meta property=\"og:locale\" content=\"pt_BR\" \/>\n<meta property=\"og:type\" content=\"article\" \/>\n<meta property=\"og:title\" content=\"Uma planta de apartamento funcional impacta na valoriza\u00e7\u00e3o?\" \/>\n<meta property=\"og:description\" content=\"Planta de apartamento funcional melhora rotina, reduz desperd\u00edcios e amplia valoriza\u00e7\u00e3o do im\u00f3vel. Descubra detalhes.\" \/>\n<meta property=\"og:url\" content=\"https:\/\/construtorabier.com.br\/site\/blog\/planta-de-apartamento-funcional-valorizacao\/\" \/>\n<meta property=\"og:site_name\" content=\"Construtora Bier\" \/>\n<meta property=\"article:publisher\" content=\"https:\/\/www.facebook.com\/construtorabier\/\" \/>\n<meta property=\"article:published_time\" content=\"2026-03-13T09:50:00+00:00\" \/>\n<meta property=\"og:image\" content=\"https:\/\/construtorabier.com.br\/site\/wp-content\/uploads\/2026\/03\/planta-de-apartamento-funcional-valorizacao-scaled.webp\" \/>\n\t<meta property=\"og:image:width\" content=\"2560\" \/>\n\t<meta property=\"og:image:height\" content=\"1709\" \/>\n\t<meta property=\"og:image:type\" content=\"image\/webp\" \/>\n<meta name=\"author\" content=\"blocco\" \/>\n<meta name=\"twitter:card\" content=\"summary_large_image\" \/>\n<meta name=\"twitter:label1\" content=\"Escrito por\" \/>\n\t<meta name=\"twitter:data1\" content=\"blocco\" \/>\n\t<meta name=\"twitter:label2\" content=\"Est. tempo de leitura\" \/>\n\t<meta name=\"twitter:data2\" content=\"7 minutos\" \/>\n<script type=\"application\/ld+json\" class=\"yoast-schema-graph\">{\"@context\":\"https:\\\/\\\/schema.org\",\"@graph\":[{\"@type\":\"Article\",\"@id\":\"https:\\\/\\\/construtorabier.com.br\\\/site\\\/blog\\\/planta-de-apartamento-funcional-valorizacao\\\/#article\",\"isPartOf\":{\"@id\":\"https:\\\/\\\/construtorabier.com.br\\\/site\\\/blog\\\/planta-de-apartamento-funcional-valorizacao\\\/\"},\"author\":{\"name\":\"blocco\",\"@id\":\"https:\\\/\\\/construtorabier.com.br\\\/site\\\/#\\\/schema\\\/person\\\/1b4881e5f343c75ede9c6cb3b0e5e984\"},\"headline\":\"Planta de apartamento funcional: como o layout impacta na rotina e valoriza\u00e7\u00e3o\",\"datePublished\":\"2026-03-13T09:50:00+00:00\",\"mainEntityOfPage\":{\"@id\":\"https:\\\/\\\/construtorabier.com.br\\\/site\\\/blog\\\/planta-de-apartamento-funcional-valorizacao\\\/\"},\"wordCount\":1200,\"commentCount\":0,\"publisher\":{\"@id\":\"https:\\\/\\\/construtorabier.com.br\\\/site\\\/#organization\"},\"image\":{\"@id\":\"https:\\\/\\\/construtorabier.com.br\\\/site\\\/blog\\\/planta-de-apartamento-funcional-valorizacao\\\/#primaryimage\"},\"thumbnailUrl\":\"https:\\\/\\\/construtorabier.com.br\\\/site\\\/wp-content\\\/uploads\\\/2026\\\/03\\\/planta-de-apartamento-funcional-valorizacao-scaled.webp\",\"keywords\":[\"conforto residencial\",\"design moderno\",\"investimento seguro\",\"planta funcional\",\"uso inteligente do espa\u00e7o\"],\"articleSection\":[\"Blog\",\"Bossa 1616\"],\"inLanguage\":\"pt-BR\",\"potentialAction\":[{\"@type\":\"CommentAction\",\"name\":\"Comment\",\"target\":[\"https:\\\/\\\/construtorabier.com.br\\\/site\\\/blog\\\/planta-de-apartamento-funcional-valorizacao\\\/#respond\"]}]},{\"@type\":\"WebPage\",\"@id\":\"https:\\\/\\\/construtorabier.com.br\\\/site\\\/blog\\\/planta-de-apartamento-funcional-valorizacao\\\/\",\"url\":\"https:\\\/\\\/construtorabier.com.br\\\/site\\\/blog\\\/planta-de-apartamento-funcional-valorizacao\\\/\",\"name\":\"Uma planta de apartamento funcional impacta na valoriza\u00e7\u00e3o?\",\"isPartOf\":{\"@id\":\"https:\\\/\\\/construtorabier.com.br\\\/site\\\/#website\"},\"primaryImageOfPage\":{\"@id\":\"https:\\\/\\\/construtorabier.com.br\\\/site\\\/blog\\\/planta-de-apartamento-funcional-valorizacao\\\/#primaryimage\"},\"image\":{\"@id\":\"https:\\\/\\\/construtorabier.com.br\\\/site\\\/blog\\\/planta-de-apartamento-funcional-valorizacao\\\/#primaryimage\"},\"thumbnailUrl\":\"https:\\\/\\\/construtorabier.com.br\\\/site\\\/wp-content\\\/uploads\\\/2026\\\/03\\\/planta-de-apartamento-funcional-valorizacao-scaled.webp\",\"datePublished\":\"2026-03-13T09:50:00+00:00\",\"description\":\"Planta de apartamento funcional melhora rotina, reduz desperd\u00edcios e amplia valoriza\u00e7\u00e3o do im\u00f3vel. Descubra detalhes.\",\"breadcrumb\":{\"@id\":\"https:\\\/\\\/construtorabier.com.br\\\/site\\\/blog\\\/planta-de-apartamento-funcional-valorizacao\\\/#breadcrumb\"},\"inLanguage\":\"pt-BR\",\"potentialAction\":[{\"@type\":\"ReadAction\",\"target\":[\"https:\\\/\\\/construtorabier.com.br\\\/site\\\/blog\\\/planta-de-apartamento-funcional-valorizacao\\\/\"]}]},{\"@type\":\"ImageObject\",\"inLanguage\":\"pt-BR\",\"@id\":\"https:\\\/\\\/construtorabier.com.br\\\/site\\\/blog\\\/planta-de-apartamento-funcional-valorizacao\\\/#primaryimage\",\"url\":\"https:\\\/\\\/construtorabier.com.br\\\/site\\\/wp-content\\\/uploads\\\/2026\\\/03\\\/planta-de-apartamento-funcional-valorizacao-scaled.webp\",\"contentUrl\":\"https:\\\/\\\/construtorabier.com.br\\\/site\\\/wp-content\\\/uploads\\\/2026\\\/03\\\/planta-de-apartamento-funcional-valorizacao-scaled.webp\",\"width\":2560,\"height\":1709,\"caption\":\"Planta de apartamento funcional sendo analisada em reuni\u00e3o de arquitetura, com destaque para sala de estar, jantar e varanda.\"},{\"@type\":\"BreadcrumbList\",\"@id\":\"https:\\\/\\\/construtorabier.com.br\\\/site\\\/blog\\\/planta-de-apartamento-funcional-valorizacao\\\/#breadcrumb\",\"itemListElement\":[{\"@type\":\"ListItem\",\"position\":1,\"name\":\"In\u00edcio\",\"item\":\"https:\\\/\\\/construtorabier.com.br\\\/site\\\/\"},{\"@type\":\"ListItem\",\"position\":2,\"name\":\"Planta de apartamento funcional: como o layout impacta na rotina e valoriza\u00e7\u00e3o\"}]},{\"@type\":\"WebSite\",\"@id\":\"https:\\\/\\\/construtorabier.com.br\\\/site\\\/#website\",\"url\":\"https:\\\/\\\/construtorabier.com.br\\\/site\\\/\",\"name\":\"Construtora Bier\",\"description\":\"Im\u00f3veis de alto padr\u00e3o em Toledo\",\"publisher\":{\"@id\":\"https:\\\/\\\/construtorabier.com.br\\\/site\\\/#organization\"},\"potentialAction\":[{\"@type\":\"SearchAction\",\"target\":{\"@type\":\"EntryPoint\",\"urlTemplate\":\"https:\\\/\\\/construtorabier.com.br\\\/site\\\/?s={search_term_string}\"},\"query-input\":{\"@type\":\"PropertyValueSpecification\",\"valueRequired\":true,\"valueName\":\"search_term_string\"}}],\"inLanguage\":\"pt-BR\"},{\"@type\":\"Organization\",\"@id\":\"https:\\\/\\\/construtorabier.com.br\\\/site\\\/#organization\",\"name\":\"Construtora Bier\",\"url\":\"https:\\\/\\\/construtorabier.com.br\\\/site\\\/\",\"logo\":{\"@type\":\"ImageObject\",\"inLanguage\":\"pt-BR\",\"@id\":\"https:\\\/\\\/construtorabier.com.br\\\/site\\\/#\\\/schema\\\/logo\\\/image\\\/\",\"url\":\"https:\\\/\\\/construtorabier.com.br\\\/site\\\/wp-content\\\/uploads\\\/2024\\\/02\\\/Ativo-1@2x.png\",\"contentUrl\":\"https:\\\/\\\/construtorabier.com.br\\\/site\\\/wp-content\\\/uploads\\\/2024\\\/02\\\/Ativo-1@2x.png\",\"width\":2122,\"height\":626,\"caption\":\"Construtora Bier\"},\"image\":{\"@id\":\"https:\\\/\\\/construtorabier.com.br\\\/site\\\/#\\\/schema\\\/logo\\\/image\\\/\"},\"sameAs\":[\"https:\\\/\\\/www.facebook.com\\\/construtorabier\\\/\",\"https:\\\/\\\/www.instagram.com\\\/construtorabier\\\/\",\"https:\\\/\\\/www.linkedin.com\\\/company\\\/bier-construtora\\\/\"]},{\"@type\":\"Person\",\"@id\":\"https:\\\/\\\/construtorabier.com.br\\\/site\\\/#\\\/schema\\\/person\\\/1b4881e5f343c75ede9c6cb3b0e5e984\",\"name\":\"blocco\",\"image\":{\"@type\":\"ImageObject\",\"inLanguage\":\"pt-BR\",\"@id\":\"https:\\\/\\\/secure.gravatar.com\\\/avatar\\\/c5f354a39c731422c3c4aaf4dddf158b0b61c69f2c8bc6a56e0e59383baa8fc7?s=96&d=mm&r=g\",\"url\":\"https:\\\/\\\/secure.gravatar.com\\\/avatar\\\/c5f354a39c731422c3c4aaf4dddf158b0b61c69f2c8bc6a56e0e59383baa8fc7?s=96&d=mm&r=g\",\"contentUrl\":\"https:\\\/\\\/secure.gravatar.com\\\/avatar\\\/c5f354a39c731422c3c4aaf4dddf158b0b61c69f2c8bc6a56e0e59383baa8fc7?s=96&d=mm&r=g\",\"caption\":\"blocco\"},\"sameAs\":[\"https:\\\/\\\/construtorabier.com.br\\\/novosite\"],\"url\":\"https:\\\/\\\/construtorabier.com.br\\\/site\\\/author\\\/blocco\\\/\"}]}<\/script>\n<!-- \/ Yoast SEO plugin. -->","yoast_head_json":{"title":"Uma planta de apartamento funcional impacta na valoriza\u00e7\u00e3o?","description":"Planta de apartamento funcional melhora rotina, reduz desperd\u00edcios e amplia valoriza\u00e7\u00e3o do im\u00f3vel. Descubra detalhes.","robots":{"index":"index","follow":"follow","max-snippet":"max-snippet:-1","max-image-preview":"max-image-preview:large","max-video-preview":"max-video-preview:-1"},"canonical":"https:\/\/construtorabier.com.br\/site\/blog\/planta-de-apartamento-funcional-valorizacao\/","og_locale":"pt_BR","og_type":"article","og_title":"Uma planta de apartamento funcional impacta na valoriza\u00e7\u00e3o?","og_description":"Planta de apartamento funcional melhora rotina, reduz desperd\u00edcios e amplia valoriza\u00e7\u00e3o do im\u00f3vel. Descubra detalhes.","og_url":"https:\/\/construtorabier.com.br\/site\/blog\/planta-de-apartamento-funcional-valorizacao\/","og_site_name":"Construtora Bier","article_publisher":"https:\/\/www.facebook.com\/construtorabier\/","article_published_time":"2026-03-13T09:50:00+00:00","og_image":[{"width":2560,"height":1709,"url":"https:\/\/construtorabier.com.br\/site\/wp-content\/uploads\/2026\/03\/planta-de-apartamento-funcional-valorizacao-scaled.webp","type":"image\/webp"}],"author":"blocco","twitter_card":"summary_large_image","twitter_misc":{"Escrito por":"blocco","Est. tempo de leitura":"7 minutos"},"schema":{"@context":"https:\/\/schema.org","@graph":[{"@type":"Article","@id":"https:\/\/construtorabier.com.br\/site\/blog\/planta-de-apartamento-funcional-valorizacao\/#article","isPartOf":{"@id":"https:\/\/construtorabier.com.br\/site\/blog\/planta-de-apartamento-funcional-valorizacao\/"},"author":{"name":"blocco","@id":"https:\/\/construtorabier.com.br\/site\/#\/schema\/person\/1b4881e5f343c75ede9c6cb3b0e5e984"},"headline":"Planta de apartamento funcional: como o layout impacta na rotina e valoriza\u00e7\u00e3o","datePublished":"2026-03-13T09:50:00+00:00","mainEntityOfPage":{"@id":"https:\/\/construtorabier.com.br\/site\/blog\/planta-de-apartamento-funcional-valorizacao\/"},"wordCount":1200,"commentCount":0,"publisher":{"@id":"https:\/\/construtorabier.com.br\/site\/#organization"},"image":{"@id":"https:\/\/construtorabier.com.br\/site\/blog\/planta-de-apartamento-funcional-valorizacao\/#primaryimage"},"thumbnailUrl":"https:\/\/construtorabier.com.br\/site\/wp-content\/uploads\/2026\/03\/planta-de-apartamento-funcional-valorizacao-scaled.webp","keywords":["conforto residencial","design moderno","investimento seguro","planta funcional","uso inteligente do espa\u00e7o"],"articleSection":["Blog","Bossa 1616"],"inLanguage":"pt-BR","potentialAction":[{"@type":"CommentAction","name":"Comment","target":["https:\/\/construtorabier.com.br\/site\/blog\/planta-de-apartamento-funcional-valorizacao\/#respond"]}]},{"@type":"WebPage","@id":"https:\/\/construtorabier.com.br\/site\/blog\/planta-de-apartamento-funcional-valorizacao\/","url":"https:\/\/construtorabier.com.br\/site\/blog\/planta-de-apartamento-funcional-valorizacao\/","name":"Uma planta de apartamento funcional impacta na valoriza\u00e7\u00e3o?","isPartOf":{"@id":"https:\/\/construtorabier.com.br\/site\/#website"},"primaryImageOfPage":{"@id":"https:\/\/construtorabier.com.br\/site\/blog\/planta-de-apartamento-funcional-valorizacao\/#primaryimage"},"image":{"@id":"https:\/\/construtorabier.com.br\/site\/blog\/planta-de-apartamento-funcional-valorizacao\/#primaryimage"},"thumbnailUrl":"https:\/\/construtorabier.com.br\/site\/wp-content\/uploads\/2026\/03\/planta-de-apartamento-funcional-valorizacao-scaled.webp","datePublished":"2026-03-13T09:50:00+00:00","description":"Planta de apartamento funcional melhora rotina, reduz desperd\u00edcios e amplia valoriza\u00e7\u00e3o do im\u00f3vel. Descubra detalhes.","breadcrumb":{"@id":"https:\/\/construtorabier.com.br\/site\/blog\/planta-de-apartamento-funcional-valorizacao\/#breadcrumb"},"inLanguage":"pt-BR","potentialAction":[{"@type":"ReadAction","target":["https:\/\/construtorabier.com.br\/site\/blog\/planta-de-apartamento-funcional-valorizacao\/"]}]},{"@type":"ImageObject","inLanguage":"pt-BR","@id":"https:\/\/construtorabier.com.br\/site\/blog\/planta-de-apartamento-funcional-valorizacao\/#primaryimage","url":"https:\/\/construtorabier.com.br\/site\/wp-content\/uploads\/2026\/03\/planta-de-apartamento-funcional-valorizacao-scaled.webp","contentUrl":"https:\/\/construtorabier.com.br\/site\/wp-content\/uploads\/2026\/03\/planta-de-apartamento-funcional-valorizacao-scaled.webp","width":2560,"height":1709,"caption":"Planta de apartamento funcional sendo analisada em reuni\u00e3o de arquitetura, com destaque para sala de estar, jantar e varanda."},{"@type":"BreadcrumbList","@id":"https:\/\/construtorabier.com.br\/site\/blog\/planta-de-apartamento-funcional-valorizacao\/#breadcrumb","itemListElement":[{"@type":"ListItem","position":1,"name":"In\u00edcio","item":"https:\/\/construtorabier.com.br\/site\/"},{"@type":"ListItem","position":2,"name":"Planta de apartamento funcional: como o layout impacta na rotina e valoriza\u00e7\u00e3o"}]},{"@type":"WebSite","@id":"https:\/\/construtorabier.com.br\/site\/#website","url":"https:\/\/construtorabier.com.br\/site\/","name":"Construtora Bier","description":"Im\u00f3veis de alto padr\u00e3o em Toledo","publisher":{"@id":"https:\/\/construtorabier.com.br\/site\/#organization"},"potentialAction":[{"@type":"SearchAction","target":{"@type":"EntryPoint","urlTemplate":"https:\/\/construtorabier.com.br\/site\/?s={search_term_string}"},"query-input":{"@type":"PropertyValueSpecification","valueRequired":true,"valueName":"search_term_string"}}],"inLanguage":"pt-BR"},{"@type":"Organization","@id":"https:\/\/construtorabier.com.br\/site\/#organization","name":"Construtora Bier","url":"https:\/\/construtorabier.com.br\/site\/","logo":{"@type":"ImageObject","inLanguage":"pt-BR","@id":"https:\/\/construtorabier.com.br\/site\/#\/schema\/logo\/image\/","url":"https:\/\/construtorabier.com.br\/site\/wp-content\/uploads\/2024\/02\/Ativo-1@2x.png","contentUrl":"https:\/\/construtorabier.com.br\/site\/wp-content\/uploads\/2024\/02\/Ativo-1@2x.png","width":2122,"height":626,"caption":"Construtora Bier"},"image":{"@id":"https:\/\/construtorabier.com.br\/site\/#\/schema\/logo\/image\/"},"sameAs":["https:\/\/www.facebook.com\/construtorabier\/","https:\/\/www.instagram.com\/construtorabier\/","https:\/\/www.linkedin.com\/company\/bier-construtora\/"]},{"@type":"Person","@id":"https:\/\/construtorabier.com.br\/site\/#\/schema\/person\/1b4881e5f343c75ede9c6cb3b0e5e984","name":"blocco","image":{"@type":"ImageObject","inLanguage":"pt-BR","@id":"https:\/\/secure.gravatar.com\/avatar\/c5f354a39c731422c3c4aaf4dddf158b0b61c69f2c8bc6a56e0e59383baa8fc7?s=96&d=mm&r=g","url":"https:\/\/secure.gravatar.com\/avatar\/c5f354a39c731422c3c4aaf4dddf158b0b61c69f2c8bc6a56e0e59383baa8fc7?s=96&d=mm&r=g","contentUrl":"https:\/\/secure.gravatar.com\/avatar\/c5f354a39c731422c3c4aaf4dddf158b0b61c69f2c8bc6a56e0e59383baa8fc7?s=96&d=mm&r=g","caption":"blocco"},"sameAs":["https:\/\/construtorabier.com.br\/novosite"],"url":"https:\/\/construtorabier.com.br\/site\/author\/blocco\/"}]}},"_links":{"self":[{"href":"https:\/\/construtorabier.com.br\/site\/wp-json\/wp\/v2\/posts\/1659","targetHints":{"allow":["GET"]}}],"collection":[{"href":"https:\/\/construtorabier.com.br\/site\/wp-json\/wp\/v2\/posts"}],"about":[{"href":"https:\/\/construtorabier.com.br\/site\/wp-json\/wp\/v2\/types\/post"}],"author":[{"embeddable":true,"href":"https:\/\/construtorabier.com.br\/site\/wp-json\/wp\/v2\/users\/1"}],"replies":[{"embeddable":true,"href":"https:\/\/construtorabier.com.br\/site\/wp-json\/wp\/v2\/comments?post=1659"}],"version-history":[{"count":3,"href":"https:\/\/construtorabier.com.br\/site\/wp-json\/wp\/v2\/posts\/1659\/revisions"}],"predecessor-version":[{"id":1665,"href":"https:\/\/construtorabier.com.br\/site\/wp-json\/wp\/v2\/posts\/1659\/revisions\/1665"}],"wp:featuredmedia":[{"embeddable":true,"href":"https:\/\/construtorabier.com.br\/site\/wp-json\/wp\/v2\/media\/1660"}],"wp:attachment":[{"href":"https:\/\/construtorabier.com.br\/site\/wp-json\/wp\/v2\/media?parent=1659"}],"wp:term":[{"taxonomy":"category","embeddable":true,"href":"https:\/\/construtorabier.com.br\/site\/wp-json\/wp\/v2\/categories?post=1659"},{"taxonomy":"post_tag","embeddable":true,"href":"https:\/\/construtorabier.com.br\/site\/wp-json\/wp\/v2\/tags?post=1659"}],"curies":[{"name":"wp","href":"https:\/\/api.w.org\/{rel}","templated":true}]}}